{"id":532,"date":"2022-09-29T11:31:22","date_gmt":"2022-09-29T10:31:22","guid":{"rendered":"https:\/\/www.ocof-cmr.org\/?p=532"},"modified":"2023-04-07T00:11:46","modified_gmt":"2023-04-06T23:11:46","slug":"nouvelle-loi-sur-le-droit-a-leducation","status":"publish","type":"post","link":"https:\/\/www.ocof-cmr.org\/en\/nouvelle-loi-sur-le-droit-a-leducation\/","title":{"rendered":"Messe de requiem Cath\u00e9drale St Pierre"},"content":{"rendered":"<div data-elementor-type=\"wp-post\" data-elementor-id=\"532\" class=\"elementor elementor-532\">\n\t\t\t\t\t\t<section class=\"elementor-section elementor-top-section elementor-element elementor-element-47f0eeae elementor-section-boxed elementor-section-height-default elementor-section-height-default exad-glass-effect-no exad-sticky-section-no\" data-id=\"47f0eeae\" data-element_type=\"section\">\n\t\t\t\t\t\t<div class=\"elementor-container elementor-column-gap-default\">\n\t\t\t\t\t<div class=\"elementor-column elementor-col-50 elementor-top-column elementor-element elementor-element-97019d8 exad-glass-effect-no exad-sticky-section-no\" data-id=\"97019d8\" data-element_type=\"column\">\n\t\t\t<div class=\"elementor-widget-wrap elementor-element-populated\">\n\t\t\t\t\t\t<div class=\"elementor-element elementor-element-5e7cae86 exad-sticky-section-no exad-glass-effect-no elementor-widget elementor-widget-text-editor\" data-id=\"5e7cae86\" data-element_type=\"widget\" data-widget_type=\"text-editor.default\">\n\t\t\t\t<div class=\"elementor-widget-container\">\n\t\t\t\t\t\t\t\t\t<div class=\"wp-block-image\">\n<figure class=\"aligncenter size-large\"><img fetchpriority=\"high\" decoding=\"async\" width=\"1024\" height=\"607\" src=\"https:\/\/www.ocof-cmr.org\/wp-content\/uploads\/2022\/10\/church1-1024x607.jpg\" alt=\"\" class=\"wp-image-2359\" srcset=\"https:\/\/www.ocof-cmr.org\/wp-content\/uploads\/2022\/10\/church1-1024x607.jpg 1024w, https:\/\/www.ocof-cmr.org\/wp-content\/uploads\/2022\/10\/church1-300x178.jpg 300w, https:\/\/www.ocof-cmr.org\/wp-content\/uploads\/2022\/10\/church1-768x456.jpg 768w, https:\/\/www.ocof-cmr.org\/wp-content\/uploads\/2022\/10\/church1.jpg 1920w\" sizes=\"(max-width: 1024px) 100vw, 1024px\" \/><\/figure>\n<\/div>\n\n\n<p>Chaque ann\u00e9e, des milliers de jeunes perdent pied \u00e0 l&rsquo;\u00e9cole. Our children our future, qui accompagne depuis ses origines des jeunes en difficult\u00e9 ou en rupture scolaire dans ses \u00e9tablissements, d\u00e9ploie aussi des dispositifs d\u00e9di\u00e9s. Zoom sur quelques-uns de ces dispositifs.<\/p>\n\t\t\t\t\t\t\t\t<\/div>\n\t\t\t\t<\/div>\n\t\t\t\t\t<\/div>\n\t\t<\/div>\n\t\t\t\t<div class=\"elementor-column elementor-col-50 elementor-top-column elementor-element elementor-element-18945ed exad-glass-effect-no exad-sticky-section-no\" data-id=\"18945ed\" data-element_type=\"column\" data-settings=\"{&quot;background_background&quot;:&quot;classic&quot;}\">\n\t\t\t<div class=\"elementor-widget-wrap elementor-element-populated\">\n\t\t\t\t\t\t<section class=\"elementor-section elementor-inner-section elementor-element elementor-element-2398205 elementor-section-boxed elementor-section-height-default elementor-section-height-default exad-glass-effect-no exad-sticky-section-no\" data-id=\"2398205\" data-element_type=\"section\" data-settings=\"{&quot;background_background&quot;:&quot;classic&quot;}\">\n\t\t\t\t\t\t<div class=\"elementor-container elementor-column-gap-default\">\n\t\t\t\t\t<div class=\"elementor-column elementor-col-100 elementor-inner-column elementor-element elementor-element-58fea4c exad-glass-effect-no exad-sticky-section-no\" data-id=\"58fea4c\" data-element_type=\"column\">\n\t\t\t<div class=\"elementor-widget-wrap elementor-element-populated\">\n\t\t\t\t\t\t<div class=\"elementor-element elementor-element-5319705 exad-sticky-section-no exad-glass-effect-no elementor-widget elementor-widget-shortcode\" data-id=\"5319705\" data-element_type=\"widget\" data-widget_type=\"shortcode.default\">\n\t\t\t\t<div class=\"elementor-widget-container\">\n\t\t\t\t\t\t\t<div class=\"elementor-shortcode\"><p class=\"wpcf7-contact-form-not-found\"><strong>Error:<\/strong> Contact form not found.<\/p><\/div>\n\t\t\t\t\t\t<\/div>\n\t\t\t\t<\/div>\n\t\t\t\t\t<\/div>\n\t\t<\/div>\n\t\t\t\t\t<\/div>\n\t\t<\/section>\n\t\t\t\t<div class=\"elementor-element elementor-element-e3342dd exad-sticky-section-no exad-glass-effect-no elementor-widget elementor-widget-sina_blogpost\" data-id=\"e3342dd\" data-element_type=\"widget\" data-widget_type=\"sina_blogpost.default\">\n\t\t\t\t<div class=\"elementor-widget-container\">\n\t\t\t\t\t\t\t\t<div class=\"sina-blogpost sina-bp-e3342dd\"\r\n\t\t\tdata-uid=\"e3342dd\"\r\n\t\t\tdata-offset=\"1\"\r\n\t\t\tdata-posts-data='{\"post_type\":\"post\",\"posts_num\":1,\"offset\":1,\"total_posts\":4,\"layout\":\"grid\",\"columns\":\"1\",\"layout_type\":\"default\",\"custom_columns\":null,\"categories\":[\"34\"],\"tags\":\"\",\"order_by\":\"date\",\"sort\":\"DESC\",\"posts_text\":\"yes\",\"excerpt\":\"\",\"content_length\":10,\"posts_meta\":\"\",\"thumb_right\":null,\"is_thumb\":\"yes\",\"read_more_effect\":\"\",\"read_more_text\":\"\",\"read_more_icon\":\"\",\"read_more_icon_align\":null,\"effects\":\"\",\"cats_position\":null,\"cats_icon\":null,\"posts_avatar\":null,\"avatar_size\":null,\"read_btn_bg_layer_effects\":null,\"bg_layer_effects\":\"\"}'>\r\n\t\t\t\t<div class=\"sina-bp-grid\">\r\n\t\t\t\t\t<div class=\"sina-bp-grid-sizer\"><\/div>\r\n\t\t\t\t\t\t\t\t\t\t\t\t<div class=\"sina-bp-col sina-bp-item-1\">\r\n\t\t<div class=\"sina-bp\">\r\n\t\t\t\t\t\t\t<div class=\"sina-bg-thumb\">\r\n\t\t\t\t\t<img decoding=\"async\" src=\"https:\/\/www.ocof-cmr.org\/wp-content\/uploads\/2023\/02\/16septembre.jpeg\" alt=\"Campagne de rentr\u00e9e scolaire 2021-2022\">\r\n\t\t\t\t\t<div class=\"sina-overlay\">\r\n\t\t\t\t\t\t<a href=\"https:\/\/www.ocof-cmr.org\/en\/rentree-scolaire-2021-2022\/\"><\/a>\r\n\t\t\t\t\t<\/div>\r\n\t\t\t\t<\/div>\r\n\t\t\t\t\t\t<div class=\"sina-bp-content\">\r\n\t\t\t\t\t\t\t\t<h2 class=\"sina-bp-title\">\r\n\t\t\t\t\t<a href=\"https:\/\/www.ocof-cmr.org\/en\/rentree-scolaire-2021-2022\/\">Campagne de rentr\u00e9e scolaire 2021-2022<\/a>\r\n\t\t\t\t<\/h2>\r\n\t\t\t\t\r\n\t\t\t\t\t\t\t\t\t<div class=\"sina-bp-text\">\r\n\t\t\t\t\t\tOCOF marque la rentr\u00e9e scolaire 2022, avec une campagne sur&hellip;\t\t\t\t\t<\/div>\r\n\t\t\t\t\r\n\t\t\t\t\t\t\t\t\t\t\t<\/div>\r\n\t\t<\/div>\r\n\t<\/div>\r\n\t\t\t\t\t\t\t\t\t\t\t\t\t\t<\/div>\r\n\r\n\t\t\t\t\r\n\t\t\t\t\t\t\t\t<input type=\"hidden\" id=\"sina_load_more_postse3342dd\" name=\"sina_load_more_postse3342dd\" value=\"517fc5c2a6\" \/><input type=\"hidden\" name=\"_wp_http_referer\" value=\"\/en\/wp-json\/wp\/v2\/posts\/532\" \/>\t\t\t<\/div><!-- .sina-blogpost -->\r\n\t\t\t\t\t\t\t<\/div>\n\t\t\t\t<\/div>\n\t\t\t\t<div class=\"elementor-element elementor-element-bdfe9e1 elementor-shape-rounded elementor-grid-0 e-grid-align-center exad-sticky-section-no exad-glass-effect-no elementor-widget elementor-widget-social-icons\" data-id=\"bdfe9e1\" data-element_type=\"widget\" data-widget_type=\"social-icons.default\">\n\t\t\t\t<div class=\"elementor-widget-container\">\n\t\t\t\t\t\t\t<div class=\"elementor-social-icons-wrapper elementor-grid\" role=\"list\">\n\t\t\t\t\t\t\t<span class=\"elementor-grid-item\" role=\"listitem\">\n\t\t\t\t\t<a class=\"elementor-icon elementor-social-icon elementor-social-icon-facebook elementor-repeater-item-1834dcf\" target=\"_blank\">\n\t\t\t\t\t\t<span class=\"elementor-screen-only\">Facebook<\/span>\n\t\t\t\t\t\t<i aria-hidden=\"true\" class=\"fab fa-facebook\"><\/i>\t\t\t\t\t<\/a>\n\t\t\t\t<\/span>\n\t\t\t\t\t\t\t<span class=\"elementor-grid-item\" role=\"listitem\">\n\t\t\t\t\t<a class=\"elementor-icon elementor-social-icon elementor-social-icon-twitter elementor-repeater-item-0cd450f\" target=\"_blank\">\n\t\t\t\t\t\t<span class=\"elementor-screen-only\">Twitter<\/span>\n\t\t\t\t\t\t<i aria-hidden=\"true\" class=\"fab fa-twitter\"><\/i>\t\t\t\t\t<\/a>\n\t\t\t\t<\/span>\n\t\t\t\t\t\t\t<span class=\"elementor-grid-item\" role=\"listitem\">\n\t\t\t\t\t<a class=\"elementor-icon elementor-social-icon elementor-social-icon-youtube elementor-repeater-item-fae9e7d\" target=\"_blank\">\n\t\t\t\t\t\t<span class=\"elementor-screen-only\">Youtube<\/span>\n\t\t\t\t\t\t<i aria-hidden=\"true\" class=\"fab fa-youtube\"><\/i>\t\t\t\t\t<\/a>\n\t\t\t\t<\/span>\n\t\t\t\t\t<\/div>\n\t\t\t\t\t\t<\/div>\n\t\t\t\t<\/div>\n\t\t\t\t\t<\/div>\n\t\t<\/div>\n\t\t\t\t\t<\/div>\n\t\t<\/section>\n\t\t\t\t<\/div>","protected":false},"excerpt":{"rendered":"<p>Chaque ann\u00e9e, des milliers de jeunes perdent pied \u00e0 l&rsquo;\u00e9cole. Our children our future, qui accompagne depuis ses origines des jeunes en difficult\u00e9 ou en rupture scolaire dans ses \u00e9tablissements, d\u00e9ploie aussi des dispositifs d\u00e9di\u00e9s. Zoom sur quelques-uns de ces dispositifs. Fun\u2019Art Du 13 Juillet &#8211; 17 Ao\u00fbt 2019 OCOF s\u2019associe \u00e0\u2026 Facebook Twitter Youtube<\/p>","protected":false},"author":2,"featured_media":2359,"comment_status":"open","ping_status":"open","sticky":false,"template":"","format":"standard","meta":{"footnotes":""},"categories":[34],"tags":[],"class_list":["post-532","post","type-post","status-publish","format-standard","has-post-thumbnail","hentry","category-autres-activites"],"yoast_head":"<!-- This site is optimized with the Yoast SEO plugin v26.7 - https:\/\/yoast.com\/wordpress\/plugins\/seo\/ -->\n<title>Messe de requiem Cath\u00e9drale St Pierre - OCOF<\/title>\n<meta name=\"robots\" content=\"index, follow, max-snippet:-1, max-image-preview:large, max-video-preview:-1\" \/>\n<link rel=\"canonical\" href=\"https:\/\/www.ocof-cmr.org\/en\/nouvelle-loi-sur-le-droit-a-leducation\/\" \/>\n<meta property=\"og:locale\" content=\"en_US\" \/>\n<meta property=\"og:type\" content=\"article\" \/>\n<meta property=\"og:title\" content=\"Messe de requiem Cath\u00e9drale St Pierre - OCOF\" \/>\n<meta property=\"og:description\" content=\"Chaque ann\u00e9e, des milliers de jeunes perdent pied \u00e0 l&rsquo;\u00e9cole. Our children our future, qui accompagne depuis ses origines des jeunes en difficult\u00e9 ou en rupture scolaire dans ses \u00e9tablissements, d\u00e9ploie aussi des dispositifs d\u00e9di\u00e9s. Zoom sur quelques-uns de ces dispositifs. Fun\u2019Art Du 13 Juillet &#8211; 17 Ao\u00fbt 2019 OCOF s\u2019associe \u00e0\u2026 Facebook Twitter Youtube\" \/>\n<meta property=\"og:url\" content=\"https:\/\/www.ocof-cmr.org\/en\/nouvelle-loi-sur-le-droit-a-leducation\/\" \/>\n<meta property=\"og:site_name\" content=\"OCOF\" \/>\n<meta property=\"article:publisher\" content=\"https:\/\/www.facebook.com\/AUNOMDENOSENFANTS\/\" \/>\n<meta property=\"article:published_time\" content=\"2022-09-29T10:31:22+00:00\" \/>\n<meta property=\"article:modified_time\" content=\"2023-04-06T23:11:46+00:00\" \/>\n<meta property=\"og:image\" content=\"https:\/\/www.ocof-cmr.org\/wp-content\/uploads\/2022\/10\/church1.jpg\" \/>\n\t<meta property=\"og:image:width\" content=\"1920\" \/>\n\t<meta property=\"og:image:height\" content=\"1139\" \/>\n\t<meta property=\"og:image:type\" content=\"image\/jpeg\" \/>\n<meta name=\"author\" content=\"Landry\" \/>\n<meta name=\"twitter:card\" content=\"summary_large_image\" \/>\n<meta name=\"twitter:label1\" content=\"Written by\" \/>\n\t<meta name=\"twitter:data1\" content=\"Landry\" \/>\n\t<meta name=\"twitter:label2\" content=\"Est. reading time\" \/>\n\t<meta name=\"twitter:data2\" content=\"1 minute\" \/>\n<script type=\"application\/ld+json\" class=\"yoast-schema-graph\">{\"@context\":\"https:\/\/schema.org\",\"@graph\":[{\"@type\":\"Article\",\"@id\":\"https:\/\/www.ocof-cmr.org\/nouvelle-loi-sur-le-droit-a-leducation\/#article\",\"isPartOf\":{\"@id\":\"https:\/\/www.ocof-cmr.org\/nouvelle-loi-sur-le-droit-a-leducation\/\"},\"author\":{\"name\":\"Landry\",\"@id\":\"https:\/\/www.ocof-cmr.org\/#\/schema\/person\/815d5268f938fcedcea86a535f784da3\"},\"headline\":\"Messe de requiem Cath\u00e9drale St Pierre\",\"datePublished\":\"2022-09-29T10:31:22+00:00\",\"dateModified\":\"2023-04-06T23:11:46+00:00\",\"mainEntityOfPage\":{\"@id\":\"https:\/\/www.ocof-cmr.org\/nouvelle-loi-sur-le-droit-a-leducation\/\"},\"wordCount\":69,\"commentCount\":1,\"publisher\":{\"@id\":\"https:\/\/www.ocof-cmr.org\/#organization\"},\"image\":{\"@id\":\"https:\/\/www.ocof-cmr.org\/nouvelle-loi-sur-le-droit-a-leducation\/#primaryimage\"},\"thumbnailUrl\":\"https:\/\/www.ocof-cmr.org\/wp-content\/uploads\/2022\/10\/church1.jpg\",\"articleSection\":[\"Autres activit\u00e9s\"],\"inLanguage\":\"en-US\",\"potentialAction\":[{\"@type\":\"CommentAction\",\"name\":\"Comment\",\"target\":[\"https:\/\/www.ocof-cmr.org\/nouvelle-loi-sur-le-droit-a-leducation\/#respond\"]}]},{\"@type\":\"WebPage\",\"@id\":\"https:\/\/www.ocof-cmr.org\/nouvelle-loi-sur-le-droit-a-leducation\/\",\"url\":\"https:\/\/www.ocof-cmr.org\/nouvelle-loi-sur-le-droit-a-leducation\/\",\"name\":\"Messe de requiem Cath\u00e9drale St Pierre - OCOF\",\"isPartOf\":{\"@id\":\"https:\/\/www.ocof-cmr.org\/#website\"},\"primaryImageOfPage\":{\"@id\":\"https:\/\/www.ocof-cmr.org\/nouvelle-loi-sur-le-droit-a-leducation\/#primaryimage\"},\"image\":{\"@id\":\"https:\/\/www.ocof-cmr.org\/nouvelle-loi-sur-le-droit-a-leducation\/#primaryimage\"},\"thumbnailUrl\":\"https:\/\/www.ocof-cmr.org\/wp-content\/uploads\/2022\/10\/church1.jpg\",\"datePublished\":\"2022-09-29T10:31:22+00:00\",\"dateModified\":\"2023-04-06T23:11:46+00:00\",\"breadcrumb\":{\"@id\":\"https:\/\/www.ocof-cmr.org\/nouvelle-loi-sur-le-droit-a-leducation\/#breadcrumb\"},\"inLanguage\":\"en-US\",\"potentialAction\":[{\"@type\":\"ReadAction\",\"target\":[\"https:\/\/www.ocof-cmr.org\/nouvelle-loi-sur-le-droit-a-leducation\/\"]}]},{\"@type\":\"ImageObject\",\"inLanguage\":\"en-US\",\"@id\":\"https:\/\/www.ocof-cmr.org\/nouvelle-loi-sur-le-droit-a-leducation\/#primaryimage\",\"url\":\"https:\/\/www.ocof-cmr.org\/wp-content\/uploads\/2022\/10\/church1.jpg\",\"contentUrl\":\"https:\/\/www.ocof-cmr.org\/wp-content\/uploads\/2022\/10\/church1.jpg\",\"width\":1920,\"height\":1139},{\"@type\":\"BreadcrumbList\",\"@id\":\"https:\/\/www.ocof-cmr.org\/nouvelle-loi-sur-le-droit-a-leducation\/#breadcrumb\",\"itemListElement\":[{\"@type\":\"ListItem\",\"position\":1,\"name\":\"Accueil\",\"item\":\"https:\/\/www.ocof-cmr.org\/\"},{\"@type\":\"ListItem\",\"position\":2,\"name\":\"Messe de requiem Cath\u00e9drale St Pierre\"}]},{\"@type\":\"WebSite\",\"@id\":\"https:\/\/www.ocof-cmr.org\/#website\",\"url\":\"https:\/\/www.ocof-cmr.org\/\",\"name\":\"Our Children Our Future\",\"description\":\"\",\"publisher\":{\"@id\":\"https:\/\/www.ocof-cmr.org\/#organization\"},\"potentialAction\":[{\"@type\":\"SearchAction\",\"target\":{\"@type\":\"EntryPoint\",\"urlTemplate\":\"https:\/\/www.ocof-cmr.org\/?s={search_term_string}\"},\"query-input\":{\"@type\":\"PropertyValueSpecification\",\"valueRequired\":true,\"valueName\":\"search_term_string\"}}],\"inLanguage\":\"en-US\"},{\"@type\":\"Organization\",\"@id\":\"https:\/\/www.ocof-cmr.org\/#organization\",\"name\":\"ONG Our Children Our Future\",\"url\":\"https:\/\/www.ocof-cmr.org\/\",\"logo\":{\"@type\":\"ImageObject\",\"inLanguage\":\"en-US\",\"@id\":\"https:\/\/www.ocof-cmr.org\/#\/schema\/logo\/image\/\",\"url\":\"https:\/\/www.ocof-cmr.org\/wp-content\/uploads\/2023\/02\/Variante-1@4x-100.jpg\",\"contentUrl\":\"https:\/\/www.ocof-cmr.org\/wp-content\/uploads\/2023\/02\/Variante-1@4x-100.jpg\",\"width\":714,\"height\":962,\"caption\":\"ONG Our Children Our Future\"},\"image\":{\"@id\":\"https:\/\/www.ocof-cmr.org\/#\/schema\/logo\/image\/\"},\"sameAs\":[\"https:\/\/www.facebook.com\/AUNOMDENOSENFANTS\/\"]},{\"@type\":\"Person\",\"@id\":\"https:\/\/www.ocof-cmr.org\/#\/schema\/person\/815d5268f938fcedcea86a535f784da3\",\"name\":\"Landry\",\"image\":{\"@type\":\"ImageObject\",\"inLanguage\":\"en-US\",\"@id\":\"https:\/\/www.ocof-cmr.org\/#\/schema\/person\/image\/\",\"url\":\"https:\/\/secure.gravatar.com\/avatar\/fd577db67941a96f8e17ccd33f43358c17fb436e6ba0bada829d2dcca9633532?s=96&d=mm&r=g\",\"contentUrl\":\"https:\/\/secure.gravatar.com\/avatar\/fd577db67941a96f8e17ccd33f43358c17fb436e6ba0bada829d2dcca9633532?s=96&d=mm&r=g\",\"caption\":\"Landry\"},\"url\":\"https:\/\/www.ocof-cmr.org\/en\/author\/landry\/\"}]}<\/script>\n<!-- \/ Yoast SEO plugin. -->","yoast_head_json":{"title":"Messe de requiem Cath\u00e9drale St Pierre - OCOF","robots":{"index":"index","follow":"follow","max-snippet":"max-snippet:-1","max-image-preview":"max-image-preview:large","max-video-preview":"max-video-preview:-1"},"canonical":"https:\/\/www.ocof-cmr.org\/en\/nouvelle-loi-sur-le-droit-a-leducation\/","og_locale":"en_US","og_type":"article","og_title":"Messe de requiem Cath\u00e9drale St Pierre - OCOF","og_description":"Chaque ann\u00e9e, des milliers de jeunes perdent pied \u00e0 l&rsquo;\u00e9cole. Our children our future, qui accompagne depuis ses origines des jeunes en difficult\u00e9 ou en rupture scolaire dans ses \u00e9tablissements, d\u00e9ploie aussi des dispositifs d\u00e9di\u00e9s. Zoom sur quelques-uns de ces dispositifs. Fun\u2019Art Du 13 Juillet &#8211; 17 Ao\u00fbt 2019 OCOF s\u2019associe \u00e0\u2026 Facebook Twitter Youtube","og_url":"https:\/\/www.ocof-cmr.org\/en\/nouvelle-loi-sur-le-droit-a-leducation\/","og_site_name":"OCOF","article_publisher":"https:\/\/www.facebook.com\/AUNOMDENOSENFANTS\/","article_published_time":"2022-09-29T10:31:22+00:00","article_modified_time":"2023-04-06T23:11:46+00:00","og_image":[{"width":1920,"height":1139,"url":"https:\/\/www.ocof-cmr.org\/wp-content\/uploads\/2022\/10\/church1.jpg","type":"image\/jpeg"}],"author":"Landry","twitter_card":"summary_large_image","twitter_misc":{"Written by":"Landry","Est. reading time":"1 minute"},"schema":{"@context":"https:\/\/schema.org","@graph":[{"@type":"Article","@id":"https:\/\/www.ocof-cmr.org\/nouvelle-loi-sur-le-droit-a-leducation\/#article","isPartOf":{"@id":"https:\/\/www.ocof-cmr.org\/nouvelle-loi-sur-le-droit-a-leducation\/"},"author":{"name":"Landry","@id":"https:\/\/www.ocof-cmr.org\/#\/schema\/person\/815d5268f938fcedcea86a535f784da3"},"headline":"Messe de requiem Cath\u00e9drale St Pierre","datePublished":"2022-09-29T10:31:22+00:00","dateModified":"2023-04-06T23:11:46+00:00","mainEntityOfPage":{"@id":"https:\/\/www.ocof-cmr.org\/nouvelle-loi-sur-le-droit-a-leducation\/"},"wordCount":69,"commentCount":1,"publisher":{"@id":"https:\/\/www.ocof-cmr.org\/#organization"},"image":{"@id":"https:\/\/www.ocof-cmr.org\/nouvelle-loi-sur-le-droit-a-leducation\/#primaryimage"},"thumbnailUrl":"https:\/\/www.ocof-cmr.org\/wp-content\/uploads\/2022\/10\/church1.jpg","articleSection":["Autres activit\u00e9s"],"inLanguage":"en-US","potentialAction":[{"@type":"CommentAction","name":"Comment","target":["https:\/\/www.ocof-cmr.org\/nouvelle-loi-sur-le-droit-a-leducation\/#respond"]}]},{"@type":"WebPage","@id":"https:\/\/www.ocof-cmr.org\/nouvelle-loi-sur-le-droit-a-leducation\/","url":"https:\/\/www.ocof-cmr.org\/nouvelle-loi-sur-le-droit-a-leducation\/","name":"Messe de requiem Cath\u00e9drale St Pierre - OCOF","isPartOf":{"@id":"https:\/\/www.ocof-cmr.org\/#website"},"primaryImageOfPage":{"@id":"https:\/\/www.ocof-cmr.org\/nouvelle-loi-sur-le-droit-a-leducation\/#primaryimage"},"image":{"@id":"https:\/\/www.ocof-cmr.org\/nouvelle-loi-sur-le-droit-a-leducation\/#primaryimage"},"thumbnailUrl":"https:\/\/www.ocof-cmr.org\/wp-content\/uploads\/2022\/10\/church1.jpg","datePublished":"2022-09-29T10:31:22+00:00","dateModified":"2023-04-06T23:11:46+00:00","breadcrumb":{"@id":"https:\/\/www.ocof-cmr.org\/nouvelle-loi-sur-le-droit-a-leducation\/#breadcrumb"},"inLanguage":"en-US","potentialAction":[{"@type":"ReadAction","target":["https:\/\/www.ocof-cmr.org\/nouvelle-loi-sur-le-droit-a-leducation\/"]}]},{"@type":"ImageObject","inLanguage":"en-US","@id":"https:\/\/www.ocof-cmr.org\/nouvelle-loi-sur-le-droit-a-leducation\/#primaryimage","url":"https:\/\/www.ocof-cmr.org\/wp-content\/uploads\/2022\/10\/church1.jpg","contentUrl":"https:\/\/www.ocof-cmr.org\/wp-content\/uploads\/2022\/10\/church1.jpg","width":1920,"height":1139},{"@type":"BreadcrumbList","@id":"https:\/\/www.ocof-cmr.org\/nouvelle-loi-sur-le-droit-a-leducation\/#breadcrumb","itemListElement":[{"@type":"ListItem","position":1,"name":"Accueil","item":"https:\/\/www.ocof-cmr.org\/"},{"@type":"ListItem","position":2,"name":"Messe de requiem Cath\u00e9drale St Pierre"}]},{"@type":"WebSite","@id":"https:\/\/www.ocof-cmr.org\/#website","url":"https:\/\/www.ocof-cmr.org\/","name":"Our Children Our Future","description":"","publisher":{"@id":"https:\/\/www.ocof-cmr.org\/#organization"},"potentialAction":[{"@type":"SearchAction","target":{"@type":"EntryPoint","urlTemplate":"https:\/\/www.ocof-cmr.org\/?s={search_term_string}"},"query-input":{"@type":"PropertyValueSpecification","valueRequired":true,"valueName":"search_term_string"}}],"inLanguage":"en-US"},{"@type":"Organization","@id":"https:\/\/www.ocof-cmr.org\/#organization","name":"ONG Our Children Our Future","url":"https:\/\/www.ocof-cmr.org\/","logo":{"@type":"ImageObject","inLanguage":"en-US","@id":"https:\/\/www.ocof-cmr.org\/#\/schema\/logo\/image\/","url":"https:\/\/www.ocof-cmr.org\/wp-content\/uploads\/2023\/02\/Variante-1@4x-100.jpg","contentUrl":"https:\/\/www.ocof-cmr.org\/wp-content\/uploads\/2023\/02\/Variante-1@4x-100.jpg","width":714,"height":962,"caption":"ONG Our Children Our Future"},"image":{"@id":"https:\/\/www.ocof-cmr.org\/#\/schema\/logo\/image\/"},"sameAs":["https:\/\/www.facebook.com\/AUNOMDENOSENFANTS\/"]},{"@type":"Person","@id":"https:\/\/www.ocof-cmr.org\/#\/schema\/person\/815d5268f938fcedcea86a535f784da3","name":"Landry","image":{"@type":"ImageObject","inLanguage":"en-US","@id":"https:\/\/www.ocof-cmr.org\/#\/schema\/person\/image\/","url":"https:\/\/secure.gravatar.com\/avatar\/fd577db67941a96f8e17ccd33f43358c17fb436e6ba0bada829d2dcca9633532?s=96&d=mm&r=g","contentUrl":"https:\/\/secure.gravatar.com\/avatar\/fd577db67941a96f8e17ccd33f43358c17fb436e6ba0bada829d2dcca9633532?s=96&d=mm&r=g","caption":"Landry"},"url":"https:\/\/www.ocof-cmr.org\/en\/author\/landry\/"}]}},"_links":{"self":[{"href":"https:\/\/www.ocof-cmr.org\/en\/wp-json\/wp\/v2\/posts\/532","targetHints":{"allow":["GET"]}}],"collection":[{"href":"https:\/\/www.ocof-cmr.org\/en\/wp-json\/wp\/v2\/posts"}],"about":[{"href":"https:\/\/www.ocof-cmr.org\/en\/wp-json\/wp\/v2\/types\/post"}],"author":[{"embeddable":true,"href":"https:\/\/www.ocof-cmr.org\/en\/wp-json\/wp\/v2\/users\/2"}],"replies":[{"embeddable":true,"href":"https:\/\/www.ocof-cmr.org\/en\/wp-json\/wp\/v2\/comments?post=532"}],"version-history":[{"count":0,"href":"https:\/\/www.ocof-cmr.org\/en\/wp-json\/wp\/v2\/posts\/532\/revisions"}],"wp:featuredmedia":[{"embeddable":true,"href":"https:\/\/www.ocof-cmr.org\/en\/wp-json\/wp\/v2\/media\/2359"}],"wp:attachment":[{"href":"https:\/\/www.ocof-cmr.org\/en\/wp-json\/wp\/v2\/media?parent=532"}],"wp:term":[{"taxonomy":"category","embeddable":true,"href":"https:\/\/www.ocof-cmr.org\/en\/wp-json\/wp\/v2\/categories?post=532"},{"taxonomy":"post_tag","embeddable":true,"href":"https:\/\/www.ocof-cmr.org\/en\/wp-json\/wp\/v2\/tags?post=532"}],"curies":[{"name":"wp","href":"https:\/\/api.w.org\/{rel}","templated":true}]}}