{"id":2912,"date":"2023-02-15T11:56:29","date_gmt":"2023-02-15T10:56:29","guid":{"rendered":"https:\/\/www.ocof-cmr.org\/?p=2912"},"modified":"2023-06-19T16:15:36","modified_gmt":"2023-06-19T15:15:36","slug":"rentree-scolaire-2022","status":"publish","type":"post","link":"https:\/\/www.ocof-cmr.org\/en\/rentree-scolaire-2022\/","title":{"rendered":"Campagne de rentr\u00e9e scolaire 2022-2023"},"content":{"rendered":"<p>OCOF marque la rentr\u00e9e scolaire 2022, avec une campagne sur les r\u00e9seaux sociaux rappelant par des<br>petits mots d\u2019encouragement combien c\u2019est un moment d\u00e9licat autant pour les jeunes que les parents.<br>Cette campagne a permis de toucher plus de 300 personnes.<br>Merci \u00e0 tous pour vos<\/p>\n\n\n\n<p class=\"has-text-align-center\"><\/p>\n\n\n\n<figure class=\"wp-block-video aligncenter\"><video controls src=\"https:\/\/www.ocof-cmr.org\/wp-content\/uploads\/2023\/02\/Video-rentree2022-semaine1-1.mp4\"><\/video><\/figure>\n\n\n\n<p class=\"has-text-align-center\">Nous vous avons accompagn\u00e9 \u00e0 travers les messages journaliers suivants:<\/p>\n\n\n\n<div class=\"wp-block-columns is-layout-flex wp-container-core-columns-is-layout-9d6595d7 wp-block-columns-is-layout-flex\">\n<div class=\"wp-block-column is-layout-flow wp-block-column-is-layout-flow\">\n<h4 class=\"wp-block-heading\">La bravoure<\/h4>\n\n\n\n<p>La bravoure: La bravoure est le courage et la force de caract\u00e8re n\u00e9cessaires pour affronter des dangers, des difficult\u00e9s ou des d\u00e9fis. C&rsquo;est une qualit\u00e9 qui peut \u00eatre physique, morale ou psychologique. La bravoure est souvent associ\u00e9e \u00e0 l&rsquo;h\u00e9ro\u00efsme et \u00e0 la t\u00e9nacit\u00e9.<\/p>\n\n\n\n<figure class=\"wp-block-image size-full\"><img fetchpriority=\"high\" decoding=\"async\" width=\"940\" height=\"788\" src=\"https:\/\/www.ocof-cmr.org\/wp-content\/uploads\/2023\/02\/12septembre22.jpeg\" alt=\"\" class=\"wp-image-2886\" srcset=\"https:\/\/www.ocof-cmr.org\/wp-content\/uploads\/2023\/02\/12septembre22.jpeg 940w, https:\/\/www.ocof-cmr.org\/wp-content\/uploads\/2023\/02\/12septembre22-300x251.jpeg 300w, https:\/\/www.ocof-cmr.org\/wp-content\/uploads\/2023\/02\/12septembre22-768x644.jpeg 768w, https:\/\/www.ocof-cmr.org\/wp-content\/uploads\/2023\/02\/12septembre22-14x12.jpeg 14w\" sizes=\"(max-width: 940px) 100vw, 940px\" \/><\/figure>\n<\/div>\n\n\n\n<div class=\"wp-block-column is-layout-flow wp-block-column-is-layout-flow\">\n<h4 class=\"wp-block-heading\">La sinc\u00e9rit\u00e9<\/h4>\n\n\n\n<p>La sinc\u00e9rit\u00e9 est l&rsquo;action ou l&rsquo;attitude de quelqu&rsquo;un qui est honn\u00eate et franc dans ses paroles et ses actions. Cela implique une absence de tromperie, de mensonge ou d&rsquo;hypocrisie.<br>La sinc\u00e9rit\u00e9 est consid\u00e9r\u00e9e comme une qualit\u00e9 importante pour les relations humaines, car elle permet aux gens de se sentir \u00e0 l&rsquo;aise et en confiance les uns avec les autres.<\/p>\n\n\n\n<figure class=\"wp-block-image size-full\"><img decoding=\"async\" width=\"940\" height=\"788\" src=\"https:\/\/www.ocof-cmr.org\/wp-content\/uploads\/2023\/02\/13septembre22.jpeg\" alt=\"\" class=\"wp-image-2887\" srcset=\"https:\/\/www.ocof-cmr.org\/wp-content\/uploads\/2023\/02\/13septembre22.jpeg 940w, https:\/\/www.ocof-cmr.org\/wp-content\/uploads\/2023\/02\/13septembre22-300x251.jpeg 300w, https:\/\/www.ocof-cmr.org\/wp-content\/uploads\/2023\/02\/13septembre22-768x644.jpeg 768w, https:\/\/www.ocof-cmr.org\/wp-content\/uploads\/2023\/02\/13septembre22-14x12.jpeg 14w\" sizes=\"(max-width: 940px) 100vw, 940px\" \/><\/figure>\n<\/div>\n<\/div>\n\n\n\n<p><\/p>\n\n\n\n<p><\/p>\n\n\n\n<div class=\"wp-block-columns is-layout-flex wp-container-core-columns-is-layout-9d6595d7 wp-block-columns-is-layout-flex\">\n<div class=\"wp-block-column is-layout-flow wp-block-column-is-layout-flow\">\n<h4 class=\"wp-block-heading\">La force<\/h4>\n\n\n\n<p>La force est une vertu qui fait r\u00e9f\u00e9rence \u00e0 la capacit\u00e9 d&rsquo;un individu \u00e0 surmonter les obstacles et \u00e0 pers\u00e9v\u00e9rer dans l&rsquo;accomplissement de ses objectifs. Elle est souvent associ\u00e9e \u00e0 la pers\u00e9v\u00e9rance, \u00e0 la d\u00e9termination et \u00e0 la volont\u00e9 de r\u00e9ussir. La force peut \u00e9galement se manifester par une attitude positive et une confiance en soi,ce qui permet aux individus de surmonter les difficult\u00e9s et de poursuivre leurs r\u00eaves.<\/p>\n\n\n\n<figure class=\"wp-block-image size-full\"><img decoding=\"async\" width=\"940\" height=\"788\" src=\"https:\/\/www.ocof-cmr.org\/wp-content\/uploads\/2023\/02\/14septembre22-1.jpeg\" alt=\"\" class=\"wp-image-2890\" srcset=\"https:\/\/www.ocof-cmr.org\/wp-content\/uploads\/2023\/02\/14septembre22-1.jpeg 940w, https:\/\/www.ocof-cmr.org\/wp-content\/uploads\/2023\/02\/14septembre22-1-300x251.jpeg 300w, https:\/\/www.ocof-cmr.org\/wp-content\/uploads\/2023\/02\/14septembre22-1-768x644.jpeg 768w, https:\/\/www.ocof-cmr.org\/wp-content\/uploads\/2023\/02\/14septembre22-1-14x12.jpeg 14w\" sizes=\"(max-width: 940px) 100vw, 940px\" \/><\/figure>\n<\/div>\n\n\n\n<div class=\"wp-block-column is-layout-flow wp-block-column-is-layout-flow\">\n<h4 class=\"wp-block-heading\">L&rsquo;honn\u00eatet\u00e9<\/h4>\n\n\n\n<p>honn\u00eatet\u00e9 est l&rsquo;une des plus importantes vertus. C&rsquo;est le fait d&rsquo;\u00eatre honn\u00eate et sinc\u00e8re avec soi-m\u00eame et avec les autres. Cela signifie dire la v\u00e9rit\u00e9, \u00eatre juste et \u00e9quitable, et ne pas mentir ou tromper les autres. La honn\u00eatet\u00e9 est une qualit\u00e9 essentielle pour construire des relations saines et durables avec les autres.<\/p>\n\n\n\n<figure class=\"wp-block-image size-full\"><img loading=\"lazy\" decoding=\"async\" width=\"940\" height=\"788\" src=\"https:\/\/www.ocof-cmr.org\/wp-content\/uploads\/2023\/02\/15septembre2022.jpeg\" alt=\"\" class=\"wp-image-2891\" srcset=\"https:\/\/www.ocof-cmr.org\/wp-content\/uploads\/2023\/02\/15septembre2022.jpeg 940w, https:\/\/www.ocof-cmr.org\/wp-content\/uploads\/2023\/02\/15septembre2022-300x251.jpeg 300w, https:\/\/www.ocof-cmr.org\/wp-content\/uploads\/2023\/02\/15septembre2022-768x644.jpeg 768w, https:\/\/www.ocof-cmr.org\/wp-content\/uploads\/2023\/02\/15septembre2022-14x12.jpeg 14w\" sizes=\"(max-width: 940px) 100vw, 940px\" \/><\/figure>\n<\/div>\n<\/div>\n\n\n\n<p><\/p>\n\n\n\n<p><\/p>\n\n\n\n<div class=\"wp-block-columns is-layout-flex wp-container-core-columns-is-layout-9d6595d7 wp-block-columns-is-layout-flex\">\n<div class=\"wp-block-column is-layout-flow wp-block-column-is-layout-flow\">\n<h4 class=\"wp-block-heading\">La ponctualit\u00e9<\/h4>\n\n\n\n<p>La ponctualit\u00e9 est l&rsquo;un des principaux attributs de la vertu. C&rsquo;est le fait d&rsquo;\u00eatre \u00e0 l&rsquo;heure et de respecter les d\u00e9lais. La ponctualit\u00e9 est un signe de respect pour les autres et montre que vous \u00eates consciencieux et organis\u00e9. Elle est \u00e9galement un moyen d&rsquo;\u00e9viter les retards et les conflits qui peuvent survenir lorsque les gens ne sont pas \u00e0 l&rsquo;heure. La ponctualit\u00e9 est une qualit\u00e9 importante pour r\u00e9ussir dans la vie, car elle montre que vous \u00eates responsable et digne de confiance.<\/p>\n\n\n\n<figure class=\"wp-block-image size-full\"><img loading=\"lazy\" decoding=\"async\" width=\"940\" height=\"788\" src=\"https:\/\/www.ocof-cmr.org\/wp-content\/uploads\/2023\/02\/16septembre.jpeg\" alt=\"\" class=\"wp-image-2892\" srcset=\"https:\/\/www.ocof-cmr.org\/wp-content\/uploads\/2023\/02\/16septembre.jpeg 940w, https:\/\/www.ocof-cmr.org\/wp-content\/uploads\/2023\/02\/16septembre-300x251.jpeg 300w, https:\/\/www.ocof-cmr.org\/wp-content\/uploads\/2023\/02\/16septembre-768x644.jpeg 768w, https:\/\/www.ocof-cmr.org\/wp-content\/uploads\/2023\/02\/16septembre-14x12.jpeg 14w\" sizes=\"(max-width: 940px) 100vw, 940px\" \/><\/figure>\n<\/div>\n\n\n\n<div class=\"wp-block-column is-layout-flow wp-block-column-is-layout-flow\"><\/div>\n<\/div>","protected":false},"excerpt":{"rendered":"<p>OCOF marque la rentr\u00e9e scolaire 2022, avec une campagne sur les r\u00e9seaux sociaux rappelant par despetits mots d\u2019encouragement combien c\u2019est un moment d\u00e9licat autant pour les jeunes que les parents.Cette campagne a permis de toucher plus de 300 personnes.Merci \u00e0 tous pour vos Nous vous avons accompagn\u00e9 \u00e0 travers les messages journaliers suivants: La bravoure La bravoure: La bravoure est [&hellip;]<\/p>","protected":false},"author":2,"featured_media":2892,"comment_status":"open","ping_status":"open","sticky":false,"template":"","format":"standard","meta":{"footnotes":""},"categories":[10],"tags":[],"class_list":["post-2912","post","type-post","status-publish","format-standard","has-post-thumbnail","hentry","category-actualite"],"yoast_head":"<!-- This site is optimized with the Yoast SEO plugin v26.7 - https:\/\/yoast.com\/wordpress\/plugins\/seo\/ -->\n<title>Campagne de rentr\u00e9e scolaire 2022-2023 - OCOF<\/title>\n<meta name=\"robots\" content=\"index, follow, max-snippet:-1, max-image-preview:large, max-video-preview:-1\" \/>\n<link rel=\"canonical\" href=\"https:\/\/www.ocof-cmr.org\/en\/rentree-scolaire-2022\/\" \/>\n<meta property=\"og:locale\" content=\"en_US\" \/>\n<meta property=\"og:type\" content=\"article\" \/>\n<meta property=\"og:title\" content=\"Campagne de rentr\u00e9e scolaire 2022-2023 - OCOF\" \/>\n<meta property=\"og:description\" content=\"OCOF marque la rentr\u00e9e scolaire 2022, avec une campagne sur les r\u00e9seaux sociaux rappelant par despetits mots d\u2019encouragement combien c\u2019est un moment d\u00e9licat autant pour les jeunes que les parents.Cette campagne a permis de toucher plus de 300 personnes.Merci \u00e0 tous pour vos Nous vous avons accompagn\u00e9 \u00e0 travers les messages journaliers suivants: La bravoure La bravoure: La bravoure est [&hellip;]\" \/>\n<meta property=\"og:url\" content=\"https:\/\/www.ocof-cmr.org\/en\/rentree-scolaire-2022\/\" \/>\n<meta property=\"og:site_name\" content=\"OCOF\" \/>\n<meta property=\"article:publisher\" content=\"https:\/\/www.facebook.com\/AUNOMDENOSENFANTS\/\" \/>\n<meta property=\"article:published_time\" content=\"2023-02-15T10:56:29+00:00\" \/>\n<meta property=\"article:modified_time\" content=\"2023-06-19T15:15:36+00:00\" \/>\n<meta property=\"og:image\" content=\"https:\/\/www.ocof-cmr.org\/wp-content\/uploads\/2023\/02\/16septembre.jpeg\" \/>\n\t<meta property=\"og:image:width\" content=\"940\" \/>\n\t<meta property=\"og:image:height\" content=\"788\" \/>\n\t<meta property=\"og:image:type\" content=\"image\/jpeg\" \/>\n<meta name=\"author\" content=\"Landry\" \/>\n<meta name=\"twitter:card\" content=\"summary_large_image\" \/>\n<meta name=\"twitter:label1\" content=\"Written by\" \/>\n\t<meta name=\"twitter:data1\" content=\"Landry\" \/>\n\t<meta name=\"twitter:label2\" content=\"Est. reading time\" \/>\n\t<meta name=\"twitter:data2\" content=\"3 minutes\" \/>\n<script type=\"application\/ld+json\" class=\"yoast-schema-graph\">{\"@context\":\"https:\/\/schema.org\",\"@graph\":[{\"@type\":\"Article\",\"@id\":\"https:\/\/www.ocof-cmr.org\/rentree-scolaire-2022\/#article\",\"isPartOf\":{\"@id\":\"https:\/\/www.ocof-cmr.org\/rentree-scolaire-2022\/\"},\"author\":{\"name\":\"Landry\",\"@id\":\"https:\/\/www.ocof-cmr.org\/#\/schema\/person\/815d5268f938fcedcea86a535f784da3\"},\"headline\":\"Campagne de rentr\u00e9e scolaire 2022-2023\",\"datePublished\":\"2023-02-15T10:56:29+00:00\",\"dateModified\":\"2023-06-19T15:15:36+00:00\",\"mainEntityOfPage\":{\"@id\":\"https:\/\/www.ocof-cmr.org\/rentree-scolaire-2022\/\"},\"wordCount\":421,\"commentCount\":0,\"publisher\":{\"@id\":\"https:\/\/www.ocof-cmr.org\/#organization\"},\"image\":{\"@id\":\"https:\/\/www.ocof-cmr.org\/rentree-scolaire-2022\/#primaryimage\"},\"thumbnailUrl\":\"https:\/\/www.ocof-cmr.org\/wp-content\/uploads\/2023\/02\/16septembre.jpeg\",\"articleSection\":[\"Actualit\u00e9s\"],\"inLanguage\":\"en-US\",\"potentialAction\":[{\"@type\":\"CommentAction\",\"name\":\"Comment\",\"target\":[\"https:\/\/www.ocof-cmr.org\/rentree-scolaire-2022\/#respond\"]}]},{\"@type\":\"WebPage\",\"@id\":\"https:\/\/www.ocof-cmr.org\/rentree-scolaire-2022\/\",\"url\":\"https:\/\/www.ocof-cmr.org\/rentree-scolaire-2022\/\",\"name\":\"Campagne de rentr\u00e9e scolaire 2022-2023 - OCOF\",\"isPartOf\":{\"@id\":\"https:\/\/www.ocof-cmr.org\/#website\"},\"primaryImageOfPage\":{\"@id\":\"https:\/\/www.ocof-cmr.org\/rentree-scolaire-2022\/#primaryimage\"},\"image\":{\"@id\":\"https:\/\/www.ocof-cmr.org\/rentree-scolaire-2022\/#primaryimage\"},\"thumbnailUrl\":\"https:\/\/www.ocof-cmr.org\/wp-content\/uploads\/2023\/02\/16septembre.jpeg\",\"datePublished\":\"2023-02-15T10:56:29+00:00\",\"dateModified\":\"2023-06-19T15:15:36+00:00\",\"breadcrumb\":{\"@id\":\"https:\/\/www.ocof-cmr.org\/rentree-scolaire-2022\/#breadcrumb\"},\"inLanguage\":\"en-US\",\"potentialAction\":[{\"@type\":\"ReadAction\",\"target\":[\"https:\/\/www.ocof-cmr.org\/rentree-scolaire-2022\/\"]}]},{\"@type\":\"ImageObject\",\"inLanguage\":\"en-US\",\"@id\":\"https:\/\/www.ocof-cmr.org\/rentree-scolaire-2022\/#primaryimage\",\"url\":\"https:\/\/www.ocof-cmr.org\/wp-content\/uploads\/2023\/02\/16septembre.jpeg\",\"contentUrl\":\"https:\/\/www.ocof-cmr.org\/wp-content\/uploads\/2023\/02\/16septembre.jpeg\",\"width\":940,\"height\":788},{\"@type\":\"BreadcrumbList\",\"@id\":\"https:\/\/www.ocof-cmr.org\/rentree-scolaire-2022\/#breadcrumb\",\"itemListElement\":[{\"@type\":\"ListItem\",\"position\":1,\"name\":\"Accueil\",\"item\":\"https:\/\/www.ocof-cmr.org\/\"},{\"@type\":\"ListItem\",\"position\":2,\"name\":\"Campagne de rentr\u00e9e scolaire 2022-2023\"}]},{\"@type\":\"WebSite\",\"@id\":\"https:\/\/www.ocof-cmr.org\/#website\",\"url\":\"https:\/\/www.ocof-cmr.org\/\",\"name\":\"Our Children Our Future\",\"description\":\"\",\"publisher\":{\"@id\":\"https:\/\/www.ocof-cmr.org\/#organization\"},\"potentialAction\":[{\"@type\":\"SearchAction\",\"target\":{\"@type\":\"EntryPoint\",\"urlTemplate\":\"https:\/\/www.ocof-cmr.org\/?s={search_term_string}\"},\"query-input\":{\"@type\":\"PropertyValueSpecification\",\"valueRequired\":true,\"valueName\":\"search_term_string\"}}],\"inLanguage\":\"en-US\"},{\"@type\":\"Organization\",\"@id\":\"https:\/\/www.ocof-cmr.org\/#organization\",\"name\":\"ONG Our Children Our Future\",\"url\":\"https:\/\/www.ocof-cmr.org\/\",\"logo\":{\"@type\":\"ImageObject\",\"inLanguage\":\"en-US\",\"@id\":\"https:\/\/www.ocof-cmr.org\/#\/schema\/logo\/image\/\",\"url\":\"https:\/\/www.ocof-cmr.org\/wp-content\/uploads\/2023\/02\/Variante-1@4x-100.jpg\",\"contentUrl\":\"https:\/\/www.ocof-cmr.org\/wp-content\/uploads\/2023\/02\/Variante-1@4x-100.jpg\",\"width\":714,\"height\":962,\"caption\":\"ONG Our Children Our Future\"},\"image\":{\"@id\":\"https:\/\/www.ocof-cmr.org\/#\/schema\/logo\/image\/\"},\"sameAs\":[\"https:\/\/www.facebook.com\/AUNOMDENOSENFANTS\/\"]},{\"@type\":\"Person\",\"@id\":\"https:\/\/www.ocof-cmr.org\/#\/schema\/person\/815d5268f938fcedcea86a535f784da3\",\"name\":\"Landry\",\"image\":{\"@type\":\"ImageObject\",\"inLanguage\":\"en-US\",\"@id\":\"https:\/\/www.ocof-cmr.org\/#\/schema\/person\/image\/\",\"url\":\"https:\/\/secure.gravatar.com\/avatar\/fd577db67941a96f8e17ccd33f43358c17fb436e6ba0bada829d2dcca9633532?s=96&d=mm&r=g\",\"contentUrl\":\"https:\/\/secure.gravatar.com\/avatar\/fd577db67941a96f8e17ccd33f43358c17fb436e6ba0bada829d2dcca9633532?s=96&d=mm&r=g\",\"caption\":\"Landry\"},\"url\":\"https:\/\/www.ocof-cmr.org\/en\/author\/landry\/\"}]}<\/script>\n<!-- \/ Yoast SEO plugin. -->","yoast_head_json":{"title":"Campagne de rentr\u00e9e scolaire 2022-2023 - OCOF","robots":{"index":"index","follow":"follow","max-snippet":"max-snippet:-1","max-image-preview":"max-image-preview:large","max-video-preview":"max-video-preview:-1"},"canonical":"https:\/\/www.ocof-cmr.org\/en\/rentree-scolaire-2022\/","og_locale":"en_US","og_type":"article","og_title":"Campagne de rentr\u00e9e scolaire 2022-2023 - OCOF","og_description":"OCOF marque la rentr\u00e9e scolaire 2022, avec une campagne sur les r\u00e9seaux sociaux rappelant par despetits mots d\u2019encouragement combien c\u2019est un moment d\u00e9licat autant pour les jeunes que les parents.Cette campagne a permis de toucher plus de 300 personnes.Merci \u00e0 tous pour vos Nous vous avons accompagn\u00e9 \u00e0 travers les messages journaliers suivants: La bravoure La bravoure: La bravoure est [&hellip;]","og_url":"https:\/\/www.ocof-cmr.org\/en\/rentree-scolaire-2022\/","og_site_name":"OCOF","article_publisher":"https:\/\/www.facebook.com\/AUNOMDENOSENFANTS\/","article_published_time":"2023-02-15T10:56:29+00:00","article_modified_time":"2023-06-19T15:15:36+00:00","og_image":[{"width":940,"height":788,"url":"https:\/\/www.ocof-cmr.org\/wp-content\/uploads\/2023\/02\/16septembre.jpeg","type":"image\/jpeg"}],"author":"Landry","twitter_card":"summary_large_image","twitter_misc":{"Written by":"Landry","Est. reading time":"3 minutes"},"schema":{"@context":"https:\/\/schema.org","@graph":[{"@type":"Article","@id":"https:\/\/www.ocof-cmr.org\/rentree-scolaire-2022\/#article","isPartOf":{"@id":"https:\/\/www.ocof-cmr.org\/rentree-scolaire-2022\/"},"author":{"name":"Landry","@id":"https:\/\/www.ocof-cmr.org\/#\/schema\/person\/815d5268f938fcedcea86a535f784da3"},"headline":"Campagne de rentr\u00e9e scolaire 2022-2023","datePublished":"2023-02-15T10:56:29+00:00","dateModified":"2023-06-19T15:15:36+00:00","mainEntityOfPage":{"@id":"https:\/\/www.ocof-cmr.org\/rentree-scolaire-2022\/"},"wordCount":421,"commentCount":0,"publisher":{"@id":"https:\/\/www.ocof-cmr.org\/#organization"},"image":{"@id":"https:\/\/www.ocof-cmr.org\/rentree-scolaire-2022\/#primaryimage"},"thumbnailUrl":"https:\/\/www.ocof-cmr.org\/wp-content\/uploads\/2023\/02\/16septembre.jpeg","articleSection":["Actualit\u00e9s"],"inLanguage":"en-US","potentialAction":[{"@type":"CommentAction","name":"Comment","target":["https:\/\/www.ocof-cmr.org\/rentree-scolaire-2022\/#respond"]}]},{"@type":"WebPage","@id":"https:\/\/www.ocof-cmr.org\/rentree-scolaire-2022\/","url":"https:\/\/www.ocof-cmr.org\/rentree-scolaire-2022\/","name":"Campagne de rentr\u00e9e scolaire 2022-2023 - OCOF","isPartOf":{"@id":"https:\/\/www.ocof-cmr.org\/#website"},"primaryImageOfPage":{"@id":"https:\/\/www.ocof-cmr.org\/rentree-scolaire-2022\/#primaryimage"},"image":{"@id":"https:\/\/www.ocof-cmr.org\/rentree-scolaire-2022\/#primaryimage"},"thumbnailUrl":"https:\/\/www.ocof-cmr.org\/wp-content\/uploads\/2023\/02\/16septembre.jpeg","datePublished":"2023-02-15T10:56:29+00:00","dateModified":"2023-06-19T15:15:36+00:00","breadcrumb":{"@id":"https:\/\/www.ocof-cmr.org\/rentree-scolaire-2022\/#breadcrumb"},"inLanguage":"en-US","potentialAction":[{"@type":"ReadAction","target":["https:\/\/www.ocof-cmr.org\/rentree-scolaire-2022\/"]}]},{"@type":"ImageObject","inLanguage":"en-US","@id":"https:\/\/www.ocof-cmr.org\/rentree-scolaire-2022\/#primaryimage","url":"https:\/\/www.ocof-cmr.org\/wp-content\/uploads\/2023\/02\/16septembre.jpeg","contentUrl":"https:\/\/www.ocof-cmr.org\/wp-content\/uploads\/2023\/02\/16septembre.jpeg","width":940,"height":788},{"@type":"BreadcrumbList","@id":"https:\/\/www.ocof-cmr.org\/rentree-scolaire-2022\/#breadcrumb","itemListElement":[{"@type":"ListItem","position":1,"name":"Accueil","item":"https:\/\/www.ocof-cmr.org\/"},{"@type":"ListItem","position":2,"name":"Campagne de rentr\u00e9e scolaire 2022-2023"}]},{"@type":"WebSite","@id":"https:\/\/www.ocof-cmr.org\/#website","url":"https:\/\/www.ocof-cmr.org\/","name":"Our Children Our Future","description":"","publisher":{"@id":"https:\/\/www.ocof-cmr.org\/#organization"},"potentialAction":[{"@type":"SearchAction","target":{"@type":"EntryPoint","urlTemplate":"https:\/\/www.ocof-cmr.org\/?s={search_term_string}"},"query-input":{"@type":"PropertyValueSpecification","valueRequired":true,"valueName":"search_term_string"}}],"inLanguage":"en-US"},{"@type":"Organization","@id":"https:\/\/www.ocof-cmr.org\/#organization","name":"ONG Our Children Our Future","url":"https:\/\/www.ocof-cmr.org\/","logo":{"@type":"ImageObject","inLanguage":"en-US","@id":"https:\/\/www.ocof-cmr.org\/#\/schema\/logo\/image\/","url":"https:\/\/www.ocof-cmr.org\/wp-content\/uploads\/2023\/02\/Variante-1@4x-100.jpg","contentUrl":"https:\/\/www.ocof-cmr.org\/wp-content\/uploads\/2023\/02\/Variante-1@4x-100.jpg","width":714,"height":962,"caption":"ONG Our Children Our Future"},"image":{"@id":"https:\/\/www.ocof-cmr.org\/#\/schema\/logo\/image\/"},"sameAs":["https:\/\/www.facebook.com\/AUNOMDENOSENFANTS\/"]},{"@type":"Person","@id":"https:\/\/www.ocof-cmr.org\/#\/schema\/person\/815d5268f938fcedcea86a535f784da3","name":"Landry","image":{"@type":"ImageObject","inLanguage":"en-US","@id":"https:\/\/www.ocof-cmr.org\/#\/schema\/person\/image\/","url":"https:\/\/secure.gravatar.com\/avatar\/fd577db67941a96f8e17ccd33f43358c17fb436e6ba0bada829d2dcca9633532?s=96&d=mm&r=g","contentUrl":"https:\/\/secure.gravatar.com\/avatar\/fd577db67941a96f8e17ccd33f43358c17fb436e6ba0bada829d2dcca9633532?s=96&d=mm&r=g","caption":"Landry"},"url":"https:\/\/www.ocof-cmr.org\/en\/author\/landry\/"}]}},"_links":{"self":[{"href":"https:\/\/www.ocof-cmr.org\/en\/wp-json\/wp\/v2\/posts\/2912","targetHints":{"allow":["GET"]}}],"collection":[{"href":"https:\/\/www.ocof-cmr.org\/en\/wp-json\/wp\/v2\/posts"}],"about":[{"href":"https:\/\/www.ocof-cmr.org\/en\/wp-json\/wp\/v2\/types\/post"}],"author":[{"embeddable":true,"href":"https:\/\/www.ocof-cmr.org\/en\/wp-json\/wp\/v2\/users\/2"}],"replies":[{"embeddable":true,"href":"https:\/\/www.ocof-cmr.org\/en\/wp-json\/wp\/v2\/comments?post=2912"}],"version-history":[{"count":0,"href":"https:\/\/www.ocof-cmr.org\/en\/wp-json\/wp\/v2\/posts\/2912\/revisions"}],"wp:featuredmedia":[{"embeddable":true,"href":"https:\/\/www.ocof-cmr.org\/en\/wp-json\/wp\/v2\/media\/2892"}],"wp:attachment":[{"href":"https:\/\/www.ocof-cmr.org\/en\/wp-json\/wp\/v2\/media?parent=2912"}],"wp:term":[{"taxonomy":"category","embeddable":true,"href":"https:\/\/www.ocof-cmr.org\/en\/wp-json\/wp\/v2\/categories?post=2912"},{"taxonomy":"post_tag","embeddable":true,"href":"https:\/\/www.ocof-cmr.org\/en\/wp-json\/wp\/v2\/tags?post=2912"}],"curies":[{"name":"wp","href":"https:\/\/api.w.org\/{rel}","templated":true}]}}